{"id":78255,"date":"2022-08-04T16:11:07","date_gmt":"2022-08-04T19:11:07","guid":{"rendered":"https:\/\/iulianocooreman.com.ar\/es\/?p=75975"},"modified":"2022-08-04T16:11:07","modified_gmt":"2022-08-04T19:11:07","slug":"existe-periodo-de-prueba-para-el-personal-domestico-2","status":"publish","type":"post","link":"https:\/\/ic.tecnopc.com.ar\/index.php\/2022\/08\/04\/existe-periodo-de-prueba-para-el-personal-domestico-2\/","title":{"rendered":"EXISTE PER\u00cdODO DE PRUEBA PARA EL PERSONAL DOM\u00c9STICO?"},"content":{"rendered":"<p style=\"text-align: justify;\"><span style=\"font-size: 14pt;\"><span style=\"font-weight: 400; font-family: verdana, geneva, sans-serif; color: #3366ff;\">El per\u00edodo de prueba para personal de casas particulares es diferente dependiendo de la modalidad: con retiro o sin retiro diario.\u00a0<\/span><!--more--><\/span><\/p>\n<p style=\"text-align: justify;\"><span style=\"font-family: verdana, geneva, sans-serif; font-size: 14pt;\"><span style=\"font-weight: 400;\">La Ley 26.844 fija un plazo de <\/span><span style=\"font-weight: 400;\">treinta (30) d\u00edas corridos para el personal sin retiro.<\/span><\/span><\/p>\n<p style=\"text-align: justify;\"><span style=\"font-family: verdana, geneva, sans-serif; font-size: 14pt;\"><span style=\"font-weight: 400;\">Para el personal <\/span><span style=\"font-weight: 400;\">con retiro<\/span><span style=\"font-weight: 400;\">, ese plazo es de <\/span><span style=\"font-weight: 400;\">15 d\u00edas de trabajo efectivo<\/span><span style=\"font-weight: 400;\">, siempre que no se superen los tres meses contados desde el inicio de la relaci\u00f3n laboral.<\/span><\/span><\/p>\n<p style=\"text-align: justify;\"><span style=\"font-weight: 400; font-family: verdana, geneva, sans-serif; font-size: 14pt;\">El diferente tratamiento legal, obedece a que es frecuente que el personal con retiro -es decir el que no tiene la prestaci\u00f3n de vivienda en el hogar del empleador- trabaje de manera discontinua (por ejemplo: una, dos o tres veces por semana, etc.).<\/span><\/p>\n<p style=\"text-align: justify;\"><span style=\"font-weight: 400; font-family: verdana, geneva, sans-serif; font-size: 14pt;\">Durante este per\u00edodo se puede extinguir la relaci\u00f3n laboral sin necesidad de expresar causa y sin que se genere derecho a indemnizaci\u00f3n alguna.\u00a0<\/span><\/p>\n<p style=\"text-align: justify;\"><span style=\"font-weight: 400; font-family: verdana, geneva, sans-serif; font-size: 14pt;\">El empleador no puede contratar a una empleada m\u00e1s de una vez, utilizando el per\u00edodo de prueba.<\/span><\/p>\n","protected":false},"excerpt":{"rendered":"<p>El per\u00edodo de prueba para personal de casas particulares es diferente dependiendo de la modalidad: con retiro o sin retiro diario.\u00a0<\/p>\n","protected":false},"author":1,"featured_media":0,"comment_status":"closed","ping_status":"open","sticky":false,"template":"","format":"standard","meta":{"footnotes":""},"categories":[3],"tags":[],"class_list":["post-78255","post","type-post","status-publish","format-standard","hentry","category-ultimas-noticias"],"_links":{"self":[{"href":"https:\/\/ic.tecnopc.com.ar\/index.php\/wp-json\/wp\/v2\/posts\/78255","targetHints":{"allow":["GET"]}}],"collection":[{"href":"https:\/\/ic.tecnopc.com.ar\/index.php\/wp-json\/wp\/v2\/posts"}],"about":[{"href":"https:\/\/ic.tecnopc.com.ar\/index.php\/wp-json\/wp\/v2\/types\/post"}],"author":[{"embeddable":true,"href":"https:\/\/ic.tecnopc.com.ar\/index.php\/wp-json\/wp\/v2\/users\/1"}],"replies":[{"embeddable":true,"href":"https:\/\/ic.tecnopc.com.ar\/index.php\/wp-json\/wp\/v2\/comments?post=78255"}],"version-history":[{"count":0,"href":"https:\/\/ic.tecnopc.com.ar\/index.php\/wp-json\/wp\/v2\/posts\/78255\/revisions"}],"wp:attachment":[{"href":"https:\/\/ic.tecnopc.com.ar\/index.php\/wp-json\/wp\/v2\/media?parent=78255"}],"wp:term":[{"taxonomy":"category","embeddable":true,"href":"https:\/\/ic.tecnopc.com.ar\/index.php\/wp-json\/wp\/v2\/categories?post=78255"},{"taxonomy":"post_tag","embeddable":true,"href":"https:\/\/ic.tecnopc.com.ar\/index.php\/wp-json\/wp\/v2\/tags?post=78255"}],"curies":[{"name":"wp","href":"https:\/\/api.w.org\/{rel}","templated":true}]}}