{"id":78281,"date":"2023-02-14T09:53:14","date_gmt":"2023-02-14T12:53:14","guid":{"rendered":"https:\/\/iulianocooreman.com.ar\/es\/?p=76112"},"modified":"2023-02-14T09:53:14","modified_gmt":"2023-02-14T12:53:14","slug":"afip-mayor-control-en-base-a-parametros-2","status":"publish","type":"post","link":"https:\/\/ic.tecnopc.com.ar\/index.php\/2023\/02\/14\/afip-mayor-control-en-base-a-parametros-2\/","title":{"rendered":"AFIP: MAYOR CONTROL EN BASE A PAR\u00c1METROS"},"content":{"rendered":"<p style=\"text-align: justify;\"><span style=\"font-size: 12pt; font-family: helvetica;\"><span style=\"font-weight: 400; color: #3366ff;\">La AFIP implement\u00f3, a partir de ayer, el Programa de Monitoreo Fiscal aplicando controles de manera sistem\u00e1tica, instant\u00e1nea y permanente en las Declaraciones Juradas de IVA y Ganancias que presenten las Sociedades.<\/span><!--more--><\/span><\/p>\n<p style=\"text-align: justify;\"><span style=\"font-family: helvetica; font-size: 12pt;\"><span style=\"font-weight: 400;\">Mediante una <\/span><span style=\"font-weight: 400;\">Matriz de Riesgo de Indicadores Fiscales<\/span><span style=\"font-weight: 400;\">, se determinar\u00e1 un \u00edndice confeccionado a partir de la totalidad de las declaraciones juradas presentadas en los \u00faltimos 12 meses para el IVA y en los \u00faltimos 3 a\u00f1os para Impuesto a las Ganancias.\u00a0<\/span><\/span><\/p>\n<p style=\"text-align: justify;\"><span style=\"font-weight: 400; font-family: helvetica; font-size: 12pt;\">De esta forma, el Organismo reforzar\u00e1 el control en cada Declaraci\u00f3n Jurada.<\/span><\/p>\n<p style=\"text-align: justify;\"><span style=\"font-weight: 400; font-family: helvetica; font-size: 12pt;\">Respecto del impuesto al valor agregado, el \u00edndice a aplicar se determinar\u00e1 en base a la relaci\u00f3n &#8211; por actividad econ\u00f3mica- entre d\u00e9bitos y cr\u00e9ditos fiscales totales de cada per\u00edodo fiscal, adem\u00e1s de otras variables.<\/span><\/p>\n<p style=\"text-align: justify;\"><span style=\"font-weight: 400; font-family: helvetica; font-size: 12pt;\">Con relaci\u00f3n al impuesto a las ganancias correspondiente a las personas jur\u00eddicas, el \u00edndice a aplicar se determinar\u00e1 en base a la relaci\u00f3n &#8211; por actividad econ\u00f3mica- entre el impuesto determinado y el total de ingresos declarados de cada per\u00edodo fiscal, entre otras variables.<\/span><\/p>\n","protected":false},"excerpt":{"rendered":"<p>La AFIP implement\u00f3, a partir de ayer, el Programa de Monitoreo Fiscal aplicando controles de manera sistem\u00e1tica, instant\u00e1nea y permanente en las Declaraciones Juradas de IVA y Ganancias que presenten las Sociedades.<\/p>\n","protected":false},"author":1,"featured_media":0,"comment_status":"closed","ping_status":"open","sticky":false,"template":"","format":"standard","meta":{"footnotes":""},"categories":[3],"tags":[],"class_list":["post-78281","post","type-post","status-publish","format-standard","hentry","category-ultimas-noticias"],"_links":{"self":[{"href":"https:\/\/ic.tecnopc.com.ar\/index.php\/wp-json\/wp\/v2\/posts\/78281","targetHints":{"allow":["GET"]}}],"collection":[{"href":"https:\/\/ic.tecnopc.com.ar\/index.php\/wp-json\/wp\/v2\/posts"}],"about":[{"href":"https:\/\/ic.tecnopc.com.ar\/index.php\/wp-json\/wp\/v2\/types\/post"}],"author":[{"embeddable":true,"href":"https:\/\/ic.tecnopc.com.ar\/index.php\/wp-json\/wp\/v2\/users\/1"}],"replies":[{"embeddable":true,"href":"https:\/\/ic.tecnopc.com.ar\/index.php\/wp-json\/wp\/v2\/comments?post=78281"}],"version-history":[{"count":0,"href":"https:\/\/ic.tecnopc.com.ar\/index.php\/wp-json\/wp\/v2\/posts\/78281\/revisions"}],"wp:attachment":[{"href":"https:\/\/ic.tecnopc.com.ar\/index.php\/wp-json\/wp\/v2\/media?parent=78281"}],"wp:term":[{"taxonomy":"category","embeddable":true,"href":"https:\/\/ic.tecnopc.com.ar\/index.php\/wp-json\/wp\/v2\/categories?post=78281"},{"taxonomy":"post_tag","embeddable":true,"href":"https:\/\/ic.tecnopc.com.ar\/index.php\/wp-json\/wp\/v2\/tags?post=78281"}],"curies":[{"name":"wp","href":"https:\/\/api.w.org\/{rel}","templated":true}]}}