{"id":78301,"date":"2023-05-16T11:47:42","date_gmt":"2023-05-16T14:47:42","guid":{"rendered":"https:\/\/iulianocooreman.com.ar\/es\/?p=76174"},"modified":"2023-05-16T11:47:42","modified_gmt":"2023-05-16T14:47:42","slug":"nuevas-medidas-y-planes-de-facilidades-2","status":"publish","type":"post","link":"https:\/\/ic.tecnopc.com.ar\/index.php\/2023\/05\/16\/nuevas-medidas-y-planes-de-facilidades-2\/","title":{"rendered":"NUEVAS MEDIDAS Y PLANES DE FACILIDADES"},"content":{"rendered":"<p style=\"text-align: justify;\"><span style=\"font-family: helvetica; color: #3366ff;\"><span style=\"font-weight: 400;\">El Ministerio de Econom\u00eda, anunci\u00f3 medidas a\u00fan no reglamentadas, pero enfocadas a paliar la actual situaci\u00f3n econ\u00f3mica. <\/span><span style=\"font-weight: 400;\">No incluye la reformulaci\u00f3n de planes vigentes y no incluye las DDJJ del a\u00f1o 2022<\/span><span style=\"font-weight: 400;\">, pero se espera la pronta puesta en marcha del plan de facilidades de pago y la baja de la tasa BLADAR.<\/span><\/span><!--more--><\/p>\n<p style=\"text-align: justify;\"><span style=\"font-family: helvetica;\"><b>Reducci\u00f3n de cuota para los planes de pago con tasa BADLAR<\/b><\/span><\/p>\n<p style=\"text-align: justify;\"><span style=\"font-family: helvetica;\"><span style=\"font-weight: 400;\">Otorgar\u00e1 una espera sobre aproximadamente el 50% de los intereses correspondientes a las cuotas de los planes de pago adheridos en el marco de la Ley 27.653 con <\/span><span style=\"font-weight: 400;\">vencimiento junio a diciembre de 2023<\/span><span style=\"font-weight: 400;\">.<\/span><\/span><\/p>\n<p style=\"text-align: justify;\"><span style=\"font-family: helvetica;\"><b>Planes de Pago: \u00bfQu\u00e9 se puede incluir?<\/b><\/span><\/p>\n<ul style=\"text-align: justify;\">\n<li style=\"font-weight: 400;\" aria-level=\"1\"><span style=\"font-family: helvetica;\"><span style=\"font-weight: 400;\">Obligaciones impositivas y de los recursos de la seguridad social<\/span><span style=\"font-weight: 400;\"> vencidas al 30\/04\/2023 (incluye intereses y multas). <\/span><span style=\"font-weight: 400;\">Per\u00edodo MARZO 2023<\/span><span style=\"font-weight: 400;\">.<\/span><\/span><\/li>\n<li style=\"font-weight: 400;\" aria-level=\"1\"><span style=\"font-weight: 400; font-family: helvetica;\">Multas, cargos suplementarios por tributos a la importaci\u00f3n o exportaci\u00f3n y liquidaciones en el procedimiento para las infracciones previstas en el C\u00f3digo Aduanero hasta el 30\/04\/2023 (incluye intereses).<\/span><\/li>\n<li style=\"font-weight: 400;\" aria-level=\"1\"><span style=\"font-weight: 400; font-family: helvetica;\">Deudas en discusi\u00f3n administrativa y judicial.\u00a0<\/span><\/li>\n<li style=\"font-weight: 400;\" aria-level=\"1\"><span style=\"font-weight: 400; font-family: helvetica;\">Deudas provenientes de planes caducos.\u00a0<\/span><\/li>\n<\/ul>\n<p style=\"text-align: justify;\"><span style=\"font-family: helvetica;\"><b>Contribuyentes, Tasas y Cuotas<\/b><\/span><\/p>\n<p style=\"text-align: justify;\"><span style=\"font-weight: 400; font-family: helvetica;\">Micro, Peque\u00f1as Empresas, Entidades sin fines de lucro, Personas Humanas consideradas Peque\u00f1os Contribuyentes<\/span><\/p>\n<p><img loading=\"lazy\" decoding=\"async\" class=\"size-full wp-image-76178 aligncenter\" src=\"https:\/\/ic.tecnopc.com.ar\/wp-content\/uploads\/2023\/05\/tabla-1.png\" alt=\"\" width=\"875\" height=\"150\" srcset=\"https:\/\/ic.tecnopc.com.ar\/wp-content\/uploads\/2023\/05\/tabla-1.png 875w, https:\/\/ic.tecnopc.com.ar\/wp-content\/uploads\/2023\/05\/tabla-1-300x51.png 300w, https:\/\/ic.tecnopc.com.ar\/wp-content\/uploads\/2023\/05\/tabla-1-768x132.png 768w\" sizes=\"auto, (max-width: 875px) 100vw, 875px\" \/><\/p>\n<p style=\"text-align: center;\"><span style=\"font-weight: 400; font-family: helvetica;\">Empresas Medianas Tramo 1 y 2<\/span><\/p>\n<p><img loading=\"lazy\" decoding=\"async\" class=\"aligncenter size-full wp-image-76179\" src=\"https:\/\/ic.tecnopc.com.ar\/wp-content\/uploads\/2023\/05\/tabla-2.png\" alt=\"\" width=\"882\" height=\"260\" srcset=\"https:\/\/ic.tecnopc.com.ar\/wp-content\/uploads\/2023\/05\/tabla-2.png 882w, https:\/\/ic.tecnopc.com.ar\/wp-content\/uploads\/2023\/05\/tabla-2-300x88.png 300w, https:\/\/ic.tecnopc.com.ar\/wp-content\/uploads\/2023\/05\/tabla-2-768x226.png 768w\" sizes=\"auto, (max-width: 882px) 100vw, 882px\" \/><\/p>\n<p style=\"text-align: center;\"><span style=\"font-family: helvetica; text-align: justify;\"><br \/>\nDem\u00e1s contribuyentes<\/span><\/p>\n<p>&nbsp;<\/p>\n<p><img loading=\"lazy\" decoding=\"async\" class=\"aligncenter size-full wp-image-76180\" src=\"https:\/\/ic.tecnopc.com.ar\/wp-content\/uploads\/2023\/05\/tabla-3.png\" alt=\"\" width=\"889\" height=\"148\" srcset=\"https:\/\/ic.tecnopc.com.ar\/wp-content\/uploads\/2023\/05\/tabla-3.png 889w, https:\/\/ic.tecnopc.com.ar\/wp-content\/uploads\/2023\/05\/tabla-3-300x50.png 300w, https:\/\/ic.tecnopc.com.ar\/wp-content\/uploads\/2023\/05\/tabla-3-768x128.png 768w\" sizes=\"auto, (max-width: 889px) 100vw, 889px\" \/><\/p>\n<p>&nbsp;<\/p>\n","protected":false},"excerpt":{"rendered":"<p>El Ministerio de Econom\u00eda, anunci\u00f3 medidas a\u00fan no reglamentadas, pero enfocadas a paliar la actual situaci\u00f3n econ\u00f3mica. No incluye la reformulaci\u00f3n de planes vigentes y no incluye las DDJJ del a\u00f1o 2022, pero se espera la pronta puesta en marcha del plan de facilidades de pago y la baja de la tasa BLADAR.<\/p>\n","protected":false},"author":1,"featured_media":0,"comment_status":"closed","ping_status":"open","sticky":false,"template":"","format":"standard","meta":{"footnotes":""},"categories":[3],"tags":[],"class_list":["post-78301","post","type-post","status-publish","format-standard","hentry","category-ultimas-noticias"],"_links":{"self":[{"href":"https:\/\/ic.tecnopc.com.ar\/index.php\/wp-json\/wp\/v2\/posts\/78301","targetHints":{"allow":["GET"]}}],"collection":[{"href":"https:\/\/ic.tecnopc.com.ar\/index.php\/wp-json\/wp\/v2\/posts"}],"about":[{"href":"https:\/\/ic.tecnopc.com.ar\/index.php\/wp-json\/wp\/v2\/types\/post"}],"author":[{"embeddable":true,"href":"https:\/\/ic.tecnopc.com.ar\/index.php\/wp-json\/wp\/v2\/users\/1"}],"replies":[{"embeddable":true,"href":"https:\/\/ic.tecnopc.com.ar\/index.php\/wp-json\/wp\/v2\/comments?post=78301"}],"version-history":[{"count":0,"href":"https:\/\/ic.tecnopc.com.ar\/index.php\/wp-json\/wp\/v2\/posts\/78301\/revisions"}],"wp:attachment":[{"href":"https:\/\/ic.tecnopc.com.ar\/index.php\/wp-json\/wp\/v2\/media?parent=78301"}],"wp:term":[{"taxonomy":"category","embeddable":true,"href":"https:\/\/ic.tecnopc.com.ar\/index.php\/wp-json\/wp\/v2\/categories?post=78301"},{"taxonomy":"post_tag","embeddable":true,"href":"https:\/\/ic.tecnopc.com.ar\/index.php\/wp-json\/wp\/v2\/tags?post=78301"}],"curies":[{"name":"wp","href":"https:\/\/api.w.org\/{rel}","templated":true}]}}