{"id":78318,"date":"2023-08-10T11:16:00","date_gmt":"2023-08-10T14:16:00","guid":{"rendered":"https:\/\/iulianocooreman.com.ar\/es\/?p=76232"},"modified":"2023-08-10T11:16:00","modified_gmt":"2023-08-10T14:16:00","slug":"montotributo-por-servicios-importante-2","status":"publish","type":"post","link":"https:\/\/ic.tecnopc.com.ar\/index.php\/2023\/08\/10\/montotributo-por-servicios-importante-2\/","title":{"rendered":"MONTOTRIBUTO POR SERVICIOS: \u00a1IMPORTANTE!"},"content":{"rendered":"<p style=\"text-align: justify;\"><span style=\"font-family: helvetica; font-size: 16px; color: #3366ff;\"><span style=\"font-weight: 400;\">AFIP est\u00e1 tomando para la recategorizaci\u00f3n autom\u00e1tica o la exclusi\u00f3n del r\u00e9gimen simplificado, el \u201cPeriodo Facturado\u201d en lugar de la Fecha de Emisi\u00f3n de la factura<\/span><b>, <\/b><span style=\"font-weight: 400;\">porque el C\u00c1LCULO DEBE REALIZARSE SOBRE LOS SERVICIOS DEVENGADOS.<\/span><\/span><!--more--><\/p>\n<p style=\"text-align: justify;\"><span style=\"font-weight: 400; font-family: helvetica; font-size: 16px;\">El organismo fiscal va controlando d\u00eda a d\u00eda la facturaci\u00f3n &#8220;anualizada&#8221; de los monotributistas, teniendo en consideraci\u00f3n siempre un per\u00edodo de 365 d\u00edas.\u00a0<\/span><\/p>\n<p style=\"text-align: justify;\"><span style=\"font-weight: 400; font-family: helvetica; font-size: 16px;\">No comparar nunca sumas de facturaciones mensuales, sino que para la AFIP siempre es d\u00eda a d\u00eda.<\/span><\/p>\n<p style=\"text-align: justify;\"><span style=\"font-family: helvetica; font-size: 16px;\"><span style=\"font-weight: 400;\">Cuando se emitan facturas, <\/span><span style=\"text-decoration: underline;\"><span style=\"font-weight: 400;\">recomendamos no cambiar nunca la fecha de per\u00edodo facturado, para para poder efectuar los controles en forma clara desde <\/span><b>Nuestra Planilla de Excel: Control de Monotributistas.<\/b><span style=\"font-weight: 400;\">\u00a0<\/span><\/span><\/span><\/p>\n<p style=\"text-align: justify;\"><span style=\"font-weight: 400; font-family: helvetica; font-size: 16px;\">La fecha de la factura que se emite se debe cargar en la columna Fecha de esa planilla de control, para que pueda ser eficiente el c\u00e1lculo del tope anual.<\/span><\/p>\n<p style=\"text-align: justify;\"><span style=\"font-family: helvetica; font-size: 16px;\"><span style=\"font-weight: 400;\">O sea que, si la fecha de factura es 09\/08\/2023, no debemos modificar la fecha de \u201cPeriodo Facturado\u201d \u201cDesde\u201d y \u201cHasta\u201d, <\/span><span style=\"text-decoration: underline;\"><span style=\"font-weight: 400;\">dejando la misma fecha de la factura<\/span><\/span><span style=\"font-weight: 400;\">. En este caso ser\u00eda de 09\/08\/2023 hasta 09\/08\/2023.<\/span><\/span><\/p>\n<p style=\"text-align: justify;\"><span style=\"text-decoration: underline;\"><span style=\"font-family: helvetica; font-size: 16px;\"><span style=\"font-weight: 400;\">Ejemplo<\/span><span style=\"font-weight: 400;\">:\u00a0<\/span><\/span><\/span><\/p>\n<p style=\"text-align: justify;\"><span style=\"font-family: helvetica; font-size: 16px;\"><span style=\"font-weight: 400;\">Si se realiza una factura con fecha 09\/08\/2023, debe coincidir con <\/span><b>\u201cPeriodo Facturado desde: 09\/08\/2023:\u00a0 &#8211; Hasta 09\/08\/2023: COMO SE MUESTRA EN EL EJEMPLO \u201cRECOMENDADO\u201d<\/b><span style=\"font-weight: 400;\">.\u00a0<\/span><\/span><\/p>\n<p style=\"text-align: justify;\"><span style=\"font-family: helvetica; font-size: 16px;\"><span style=\"font-weight: 400;\">Nunca colocar <\/span><b>\u201cPeriodo Facturado desde: 01\/07\/2023:\u00a0 &#8211; Hasta 31\/07\/2023: COMO SE MUESTRA EN EL EJEMPLO \u201cNO RECOMENDADO\u201d<\/b><span style=\"font-weight: 400;\">.\u00a0<\/span><\/span><\/p>\n<p style=\"text-align: justify;\"><span style=\"font-family: helvetica; font-size: 16px;\"><span style=\"font-weight: 400;\">Tener en cuenta que esta modalidad de facturaci\u00f3n <\/span><span style=\"text-decoration: underline;\"><span style=\"font-weight: 400;\">es para la PRESTACION de SERVICIOS<\/span><\/span><span style=\"font-weight: 400;\">, dado que <\/span><span style=\"text-decoration: underline;\"><span style=\"font-weight: 400;\">para la venta de Bienes no hay que colocar periodo facturado<\/span><span style=\"font-weight: 400;\">.<\/span><\/span><\/span><\/p>\n<p style=\"text-align: justify;\"><span style=\"font-family: helvetica; font-size: 16px;\"><b>\u00a0 \u00a0 \u00a0 \u00a0<\/b>\u00a0<\/span><\/p>\n<table style=\"border-collapse: collapse; width: 100%; height: 37px;\">\n<tbody>\n<tr style=\"height: 13px;\">\n<td style=\"width: 50%; text-align: center; height: 13px;\"><img loading=\"lazy\" decoding=\"async\" class=\"size-full wp-image-76237 alignright\" src=\"https:\/\/ic.tecnopc.com.ar\/wp-content\/uploads\/2023\/08\/recomendado2.png\" alt=\"\" width=\"387\" height=\"361\" srcset=\"https:\/\/ic.tecnopc.com.ar\/wp-content\/uploads\/2023\/08\/recomendado2.png 387w, https:\/\/ic.tecnopc.com.ar\/wp-content\/uploads\/2023\/08\/recomendado2-300x280.png 300w\" sizes=\"auto, (max-width: 387px) 100vw, 387px\" \/><\/td>\n<td style=\"width: 50%; text-align: center; height: 13px;\"><img loading=\"lazy\" decoding=\"async\" class=\"size-full wp-image-76238 alignleft\" src=\"https:\/\/ic.tecnopc.com.ar\/wp-content\/uploads\/2023\/08\/no-recomendado2.png\" alt=\"\" width=\"388\" height=\"363\" srcset=\"https:\/\/ic.tecnopc.com.ar\/wp-content\/uploads\/2023\/08\/no-recomendado2.png 388w, https:\/\/ic.tecnopc.com.ar\/wp-content\/uploads\/2023\/08\/no-recomendado2-300x281.png 300w\" sizes=\"auto, (max-width: 388px) 100vw, 388px\" \/><\/td>\n<\/tr>\n<\/tbody>\n<\/table>\n","protected":false},"excerpt":{"rendered":"<p>AFIP est\u00e1 tomando para la recategorizaci\u00f3n autom\u00e1tica o la exclusi\u00f3n del r\u00e9gimen simplificado, el \u201cPeriodo Facturado\u201d en lugar de la Fecha de Emisi\u00f3n de la factura, porque el C\u00c1LCULO DEBE REALIZARSE SOBRE LOS SERVICIOS DEVENGADOS.<\/p>\n","protected":false},"author":1,"featured_media":0,"comment_status":"closed","ping_status":"open","sticky":false,"template":"","format":"standard","meta":{"footnotes":""},"categories":[3],"tags":[],"class_list":["post-78318","post","type-post","status-publish","format-standard","hentry","category-ultimas-noticias"],"_links":{"self":[{"href":"https:\/\/ic.tecnopc.com.ar\/index.php\/wp-json\/wp\/v2\/posts\/78318","targetHints":{"allow":["GET"]}}],"collection":[{"href":"https:\/\/ic.tecnopc.com.ar\/index.php\/wp-json\/wp\/v2\/posts"}],"about":[{"href":"https:\/\/ic.tecnopc.com.ar\/index.php\/wp-json\/wp\/v2\/types\/post"}],"author":[{"embeddable":true,"href":"https:\/\/ic.tecnopc.com.ar\/index.php\/wp-json\/wp\/v2\/users\/1"}],"replies":[{"embeddable":true,"href":"https:\/\/ic.tecnopc.com.ar\/index.php\/wp-json\/wp\/v2\/comments?post=78318"}],"version-history":[{"count":0,"href":"https:\/\/ic.tecnopc.com.ar\/index.php\/wp-json\/wp\/v2\/posts\/78318\/revisions"}],"wp:attachment":[{"href":"https:\/\/ic.tecnopc.com.ar\/index.php\/wp-json\/wp\/v2\/media?parent=78318"}],"wp:term":[{"taxonomy":"category","embeddable":true,"href":"https:\/\/ic.tecnopc.com.ar\/index.php\/wp-json\/wp\/v2\/categories?post=78318"},{"taxonomy":"post_tag","embeddable":true,"href":"https:\/\/ic.tecnopc.com.ar\/index.php\/wp-json\/wp\/v2\/tags?post=78318"}],"curies":[{"name":"wp","href":"https:\/\/api.w.org\/{rel}","templated":true}]}}