{"id":78321,"date":"2023-08-29T10:45:05","date_gmt":"2023-08-29T13:45:05","guid":{"rendered":"https:\/\/iulianocooreman.com.ar\/es\/?p=76246"},"modified":"2023-08-29T10:45:05","modified_gmt":"2023-08-29T13:45:05","slug":"economia-anuncio-de-medidas-2","status":"publish","type":"post","link":"https:\/\/ic.tecnopc.com.ar\/index.php\/2023\/08\/29\/economia-anuncio-de-medidas-2\/","title":{"rendered":"ECONOM\u00cdA: ANUNCIO DE MEDIDAS"},"content":{"rendered":"<p style=\"text-align: justify;\" align=\"justify\"><span style=\"font-family: helvetica;\"><span style=\"color: #4472c4;\">En el d\u00eda de hoy el ministro de Econom\u00eda realiz\u00f3 una serie de anuncios en sus redes sociales donde anticip\u00f3 el\u00a0Programa de Fortalecimiento de la Actividad Econ\u00f3mica y del Ingreso para las familias argentinas, diferentes para cada sector.<\/span><!--more--><\/span><\/p>\n<p style=\"text-align: justify;\" align=\"justify\"><span style=\"font-family: helvetica;\"><b>Monotributistas<\/b><\/span><\/p>\n<ul style=\"text-align: justify;\">\n<li>\n<p align=\"justify\"><span style=\"font-family: helvetica;\">Categor\u00edas A, B, C y D se exime el pago del componente impositivo por 6 meses.<\/span><\/p>\n<\/li>\n<li>\n<p align=\"justify\"><span style=\"font-family: helvetica;\">Todas la Categor\u00edas, tendr\u00e1n acceso a un cr\u00e9dito, dependiendo de la categor\u00eda, en 24 cuotas, a la mitad de la tasa bancaria, con garant\u00eda 100% del Estado, hasta $4.000.000<\/span><\/p>\n<\/li>\n<li>\n<p align=\"justify\"><span style=\"font-family: helvetica;\">Se pondr\u00e1 en marcha el monotributo productivo para la incorporaci\u00f3n a la econom\u00eda formal de los trabajadores independientes.<\/span><\/p>\n<\/li>\n<\/ul>\n<p style=\"text-align: justify;\" align=\"justify\"><span style=\"font-family: helvetica;\"><b>Trabajadores<\/b><\/span><\/p>\n<ul style=\"text-align: justify;\">\n<li>\n<p align=\"justify\"><span style=\"font-family: helvetica;\">Para los trabajadores del sector p\u00fablico y privado, se otorgar\u00e1 una\u00a0<b>suma fija de $ 60.000<\/b>\u00a0no remunerativa y por \u00fanica vez, a abonarse\u00a0<b>en dos cuotas de $ 30.000 en los meses de septiembre y octubre<\/b>,\u00a0<b>para salarios netos de hasta $ 400.000.<\/b><\/span><\/p>\n<\/li>\n<li>\n<p align=\"justify\"><span style=\"font-family: helvetica;\">Cr\u00e9ditos de hasta $ 400.000 en 24, 36 o 48 cuotas, con un inter\u00e9s equivalente a la mitad de la tasa que cobran los bancos, para saldos en tarjetas de cr\u00e9dito.<\/span><\/p>\n<\/li>\n<li>\n<p align=\"justify\"><span style=\"font-family: helvetica;\">Los fondos se depositar\u00e1n en la tarjeta de cr\u00e9dito bancaria dentro de los 5 d\u00edas h\u00e1biles.<\/span><\/p>\n<\/li>\n<li>\n<p align=\"justify\"><span style=\"font-family: helvetica;\">Adem\u00e1s, se dispone la posibilidad de que las cuotas se debiten del sueldo.<\/span><\/p>\n<\/li>\n<\/ul>\n<p style=\"text-align: justify;\" align=\"justify\"><span style=\"font-family: helvetica;\">\u00a0<b>Trabajadores de casas particulares<\/b><\/span><\/p>\n<ul style=\"text-align: justify;\">\n<li>\n<p align=\"justify\"><span style=\"font-family: helvetica;\">Se le otorgar\u00e1n un\u00a0<b>refuerzo de $ 25.000 por \u00fanica vez, a abonarse en 2 cuotas y de forma proporcional a las horas trabajadas<\/b>.<\/span><\/p>\n<\/li>\n<li>\n<p align=\"justify\"><span style=\"font-family: helvetica;\">El Estado va a reembolsar el 50% de este refuerzo a los empleadores con ingresos de hasta $ 2.000.0000 por mes.<\/span><\/p>\n<\/li>\n<\/ul>\n<p style=\"text-align: justify;\" align=\"justify\"><span style=\"font-family: helvetica;\"><b>Jubilados y pensionados<\/b><\/span><\/p>\n<ul style=\"text-align: justify;\">\n<li>\n<p align=\"justify\"><span style=\"font-family: helvetica;\">Refuerzo de $ 37.000 en los meses de septiembre, octubre y noviembre para los jubilados y pensionados que perciban el haber m\u00ednimo.<\/span><\/p>\n<\/li>\n<li>\n<p align=\"justify\"><span style=\"font-family: helvetica;\">Acceso a cr\u00e9ditos de hasta $ 400.000 en 24, 36 o 48 cuotas a un 25% de la tasa que hoy tienen los Bancos.<\/span><\/p>\n<\/li>\n<li>\n<p align=\"justify\"><span style=\"font-family: helvetica;\">Devoluci\u00f3n del IVA para las compras con tarjeta de d\u00e9bito con un tope mensual de $ 18.000<\/span><\/p>\n<\/li>\n<\/ul>\n<p style=\"text-align: justify;\" align=\"justify\"><span style=\"font-family: helvetica;\">\u00a0<b>PYMES<\/b><\/span><\/p>\n<ul style=\"text-align: justify;\">\n<li>\n<p align=\"justify\"><span style=\"font-family: helvetica;\">El Estado financiar\u00e1 la \u201csuma fija\u201d para los trabajadores en relaci\u00f3n de dependencia, descont\u00e1ndolo de las contribuciones patronales.<\/span><\/p>\n<\/li>\n<li>\n<p align=\"justify\"><span style=\"font-family: helvetica;\">El financiamiento ser\u00e1 del 100% para las MicroPyMes y del 50% para las PyMEs.<\/span><\/p>\n<\/li>\n<li>\n<p align=\"justify\"><span style=\"font-family: helvetica;\">Se ampliar\u00e1 la l\u00ednea de cr\u00e9ditos con incremento de bonificaci\u00f3n de tasa para la l\u00ednea CREAR.<\/span><\/p>\n<\/li>\n<li>\n<p align=\"justify\"><span style=\"font-family: helvetica;\">Se pondr\u00e1 en marcha el Legajo \u00danico Financiero para mejorar el acceso al cr\u00e9dito de las PyMEs.<\/span><\/p>\n<\/li>\n<\/ul>\n<p style=\"text-align: justify;\" align=\"justify\"><span style=\"font-family: helvetica;\"><b>Sector agropecuario<\/b><\/span><\/p>\n<ul style=\"text-align: justify;\">\n<li>\n<p align=\"justify\"><span style=\"font-family: helvetica;\">Se dispondr\u00e1 una retenci\u00f3n del 0% para las econom\u00edas regionales con valor agregado industrial, como por ejemplo el vino, mosto, arroz, tabaco, entre otros.<\/span><\/p>\n<\/li>\n<li>\n<p align=\"justify\"><span style=\"font-family: helvetica;\">Se establece un nuevo programa de siembre de trigo y ma\u00edz con entrega de hasta 5 toneladas de fertilizantes para productores en emergencia agropecuaria.<\/span><\/p>\n<\/li>\n<li>\n<p align=\"justify\"><span style=\"font-family: helvetica;\">Se continuar\u00e1 con el programa \u201cPuente al Empleo\u201d para el sector agropecuario, que transforma los planes sociales en empleo registrado.<\/span><\/p>\n<\/li>\n<\/ul>\n<p style=\"text-align: justify;\" align=\"justify\"><span style=\"font-family: helvetica;\"><b>Potenciar trabajo<\/b><\/span><\/p>\n<ul style=\"text-align: justify;\">\n<li>\n<p align=\"justify\"><span style=\"font-family: helvetica;\">Se anunci\u00f3 un refuerzo de $ 20.000 para los beneficiarios del programa Potenciar Trabajo, que se abonar\u00e1n en 2 pagos de $ 10.000 en los meses de septiembre y octubre.<\/span><\/p>\n<\/li>\n<\/ul>\n<p style=\"text-align: justify;\" align=\"justify\"><span style=\"font-family: helvetica;\">\u00a0<b>Acuerdos de precios<\/b><\/span><\/p>\n<ul style=\"text-align: justify;\">\n<li>\n<p align=\"justify\"><span style=\"font-family: helvetica;\">Se dispone el \u00a00% de aumento de combustibles y de medicamentos hasta el 1\u00b0 de noviembre y un sendero del 5% con m\u00e1s de 400 empresas que representan 50.000 productos de higiene y alimentos de primera necesidad de la canasta.<\/span><\/p>\n<\/li>\n<li>\n<p align=\"justify\"><span style=\"font-family: helvetica;\">Adem\u00e1s, se establece un beneficio del 6% del total de impuestos que pagan las empresas en descuentos del IVA y del impuesto a las ganancias.<\/span><\/p>\n<\/li>\n<\/ul>\n<p style=\"text-align: justify;\" align=\"justify\"><span style=\"font-family: helvetica;\">\u00a0<b>Exportaciones<\/b><\/span><\/p>\n<ul style=\"text-align: justify;\">\n<li>\n<p align=\"justify\"><span style=\"font-family: helvetica;\">Se crear\u00e1 un nuevo programa de 770 millones de d\u00f3lares para prefinanciaci\u00f3n de exportaciones.<\/span><\/p>\n<\/li>\n<li>\n<p align=\"justify\"><span style=\"font-family: helvetica;\">Se busca que las empresas que tengan todas las herramientas para seguir aumentando el volumen de las exportaciones y acumular reservas.<\/span><\/p>\n<\/li>\n<\/ul>\n<p style=\"text-align: justify;\" align=\"justify\"><span style=\"font-family: helvetica;\">\u00a0<b>Medicinas prepagas<\/b><\/span><\/p>\n<ul>\n<li>\n<p style=\"text-align: justify;\" align=\"justify\"><span style=\"font-family: helvetica;\">Se suspende el incremento de las prepagas para las familias con ingresos no superiores a los 2 millones de pesos<\/span><\/p>\n<\/li>\n<\/ul>\n","protected":false},"excerpt":{"rendered":"<p>En el d\u00eda de hoy el ministro de Econom\u00eda realiz\u00f3 una serie de anuncios en sus redes sociales donde anticip\u00f3 el\u00a0Programa de Fortalecimiento de la Actividad Econ\u00f3mica y del Ingreso para las familias argentinas, diferentes para cada sector.<\/p>\n","protected":false},"author":1,"featured_media":0,"comment_status":"closed","ping_status":"open","sticky":false,"template":"","format":"standard","meta":{"footnotes":""},"categories":[3],"tags":[],"class_list":["post-78321","post","type-post","status-publish","format-standard","hentry","category-ultimas-noticias"],"_links":{"self":[{"href":"https:\/\/ic.tecnopc.com.ar\/index.php\/wp-json\/wp\/v2\/posts\/78321","targetHints":{"allow":["GET"]}}],"collection":[{"href":"https:\/\/ic.tecnopc.com.ar\/index.php\/wp-json\/wp\/v2\/posts"}],"about":[{"href":"https:\/\/ic.tecnopc.com.ar\/index.php\/wp-json\/wp\/v2\/types\/post"}],"author":[{"embeddable":true,"href":"https:\/\/ic.tecnopc.com.ar\/index.php\/wp-json\/wp\/v2\/users\/1"}],"replies":[{"embeddable":true,"href":"https:\/\/ic.tecnopc.com.ar\/index.php\/wp-json\/wp\/v2\/comments?post=78321"}],"version-history":[{"count":0,"href":"https:\/\/ic.tecnopc.com.ar\/index.php\/wp-json\/wp\/v2\/posts\/78321\/revisions"}],"wp:attachment":[{"href":"https:\/\/ic.tecnopc.com.ar\/index.php\/wp-json\/wp\/v2\/media?parent=78321"}],"wp:term":[{"taxonomy":"category","embeddable":true,"href":"https:\/\/ic.tecnopc.com.ar\/index.php\/wp-json\/wp\/v2\/categories?post=78321"},{"taxonomy":"post_tag","embeddable":true,"href":"https:\/\/ic.tecnopc.com.ar\/index.php\/wp-json\/wp\/v2\/tags?post=78321"}],"curies":[{"name":"wp","href":"https:\/\/api.w.org\/{rel}","templated":true}]}}