{"id":78325,"date":"2023-09-11T13:42:51","date_gmt":"2023-09-11T16:42:51","guid":{"rendered":"https:\/\/iulianocooreman.com.ar\/es\/?p=76256"},"modified":"2023-09-11T13:42:51","modified_gmt":"2023-09-11T16:42:51","slug":"dia-del-empleado-de-comercio-esta-vez-es-el-25-de-septiembre-2","status":"publish","type":"post","link":"https:\/\/ic.tecnopc.com.ar\/index.php\/2023\/09\/11\/dia-del-empleado-de-comercio-esta-vez-es-el-25-de-septiembre-2\/","title":{"rendered":"DIA DEL EMPLEADO DE COMERCIO:  ESTA VEZ ES EL 25 DE SEPTIEMBRE"},"content":{"rendered":"<p style=\"text-align: justify;\"><span style=\"font-weight: 400; font-family: helvetica; color: #3366ff;\">El d\u00eda del empleado de comercio se traslad\u00f3 para que se festeje un d\u00eda lunes.<\/span><!--more--><\/p>\n<p style=\"text-align: justify;\"><span style=\"font-weight: 400; font-family: helvetica;\">La Federaci\u00f3n de Empleados de Comercio y Servicios y las respectivas C\u00e1maras empresarias, acordaron trasladar el D\u00eda del Empleado de Comercio al lunes 25 de septiembre de 2023.\u00a0<\/span><\/p>\n<p style=\"text-align: justify;\"><span style=\"font-weight: 400; font-family: helvetica;\">Por lo tanto, los empleados podr\u00e1n optar por no prestar tareas o bien prestar tareas y cobrar la jornada con un recargo del 100%.<\/span><\/p>\n","protected":false},"excerpt":{"rendered":"<p>El d\u00eda del empleado de comercio se traslad\u00f3 para que se festeje un d\u00eda lunes.<\/p>\n","protected":false},"author":1,"featured_media":0,"comment_status":"closed","ping_status":"open","sticky":false,"template":"","format":"standard","meta":{"footnotes":""},"categories":[3],"tags":[],"class_list":["post-78325","post","type-post","status-publish","format-standard","hentry","category-ultimas-noticias"],"_links":{"self":[{"href":"https:\/\/ic.tecnopc.com.ar\/index.php\/wp-json\/wp\/v2\/posts\/78325","targetHints":{"allow":["GET"]}}],"collection":[{"href":"https:\/\/ic.tecnopc.com.ar\/index.php\/wp-json\/wp\/v2\/posts"}],"about":[{"href":"https:\/\/ic.tecnopc.com.ar\/index.php\/wp-json\/wp\/v2\/types\/post"}],"author":[{"embeddable":true,"href":"https:\/\/ic.tecnopc.com.ar\/index.php\/wp-json\/wp\/v2\/users\/1"}],"replies":[{"embeddable":true,"href":"https:\/\/ic.tecnopc.com.ar\/index.php\/wp-json\/wp\/v2\/comments?post=78325"}],"version-history":[{"count":0,"href":"https:\/\/ic.tecnopc.com.ar\/index.php\/wp-json\/wp\/v2\/posts\/78325\/revisions"}],"wp:attachment":[{"href":"https:\/\/ic.tecnopc.com.ar\/index.php\/wp-json\/wp\/v2\/media?parent=78325"}],"wp:term":[{"taxonomy":"category","embeddable":true,"href":"https:\/\/ic.tecnopc.com.ar\/index.php\/wp-json\/wp\/v2\/categories?post=78325"},{"taxonomy":"post_tag","embeddable":true,"href":"https:\/\/ic.tecnopc.com.ar\/index.php\/wp-json\/wp\/v2\/tags?post=78325"}],"curies":[{"name":"wp","href":"https:\/\/api.w.org\/{rel}","templated":true}]}}