{"id":78328,"date":"2023-09-27T08:25:22","date_gmt":"2023-09-27T11:25:22","guid":{"rendered":"https:\/\/iulianocooreman.com.ar\/es\/?p=76267"},"modified":"2023-09-27T08:25:22","modified_gmt":"2023-09-27T11:25:22","slug":"prorroga-para-autonomos-2","status":"publish","type":"post","link":"https:\/\/ic.tecnopc.com.ar\/index.php\/2023\/09\/27\/prorroga-para-autonomos-2\/","title":{"rendered":"PR\u00d3RROGA PARA AUT\u00d3NOMOS"},"content":{"rendered":"<p style=\"text-align: justify;\"><span style=\"font-family: helvetica; color: #3366ff;\">Los trabajadores aut\u00f3nomos, excepto los Directores, Gerentes, accionistas y socios, y los que son responsables inscriptos en IVA, no pagar\u00e1n por los per\u00edodos de septiembre a diciembre 2023. Pagar\u00e1n entre marzo y abril de 2024.<\/span><!--more--><\/p>\n<p style=\"text-align: justify;\"><span style=\"font-family: helvetica;\">La medida reconoce la necesidad de realizar adecuaciones sist\u00e9micas que permitan el cobro mediante el d\u00e9bito directo en cuenta bancaria o d\u00e9bito autom\u00e1tico en tarjeta de cr\u00e9dito.<\/span><\/p>\n<p style=\"text-align: center;\"><strong><span style=\"font-family: helvetica;\">NUEVOS VENCIMIENTOS PARA AUT\u00d3NOMOS<\/span><\/strong><\/p>\n<p><img loading=\"lazy\" decoding=\"async\" class=\"aligncenter size-full wp-image-76268\" src=\"https:\/\/ic.tecnopc.com.ar\/wp-content\/uploads\/2023\/09\/1.png\" alt=\"\" width=\"478\" height=\"411\" srcset=\"https:\/\/ic.tecnopc.com.ar\/wp-content\/uploads\/2023\/09\/1.png 478w, https:\/\/ic.tecnopc.com.ar\/wp-content\/uploads\/2023\/09\/1-300x258.png 300w\" sizes=\"auto, (max-width: 478px) 100vw, 478px\" \/><\/p>\n<p>&nbsp;<\/p>\n<p style=\"text-align: center;\"><strong><span style=\"font-family: helvetica;\">NUEVOS VENCIMIENTOS PARA EL IVA<\/span><\/strong><\/p>\n<p><img loading=\"lazy\" decoding=\"async\" class=\"aligncenter size-full wp-image-76269\" src=\"https:\/\/ic.tecnopc.com.ar\/wp-content\/uploads\/2023\/09\/2.png\" alt=\"\" width=\"322\" height=\"392\" srcset=\"https:\/\/ic.tecnopc.com.ar\/wp-content\/uploads\/2023\/09\/2.png 322w, https:\/\/ic.tecnopc.com.ar\/wp-content\/uploads\/2023\/09\/2-246x300.png 246w\" sizes=\"auto, (max-width: 322px) 100vw, 322px\" \/><\/p>\n","protected":false},"excerpt":{"rendered":"<p>Los trabajadores aut\u00f3nomos, excepto los Directores, Gerentes, accionistas y socios, y los que son responsables inscriptos en IVA, no pagar\u00e1n por los per\u00edodos de septiembre a diciembre 2023. Pagar\u00e1n entre marzo y abril de 2024.<\/p>\n","protected":false},"author":1,"featured_media":0,"comment_status":"closed","ping_status":"open","sticky":false,"template":"","format":"standard","meta":{"footnotes":""},"categories":[3],"tags":[],"class_list":["post-78328","post","type-post","status-publish","format-standard","hentry","category-ultimas-noticias"],"_links":{"self":[{"href":"https:\/\/ic.tecnopc.com.ar\/index.php\/wp-json\/wp\/v2\/posts\/78328","targetHints":{"allow":["GET"]}}],"collection":[{"href":"https:\/\/ic.tecnopc.com.ar\/index.php\/wp-json\/wp\/v2\/posts"}],"about":[{"href":"https:\/\/ic.tecnopc.com.ar\/index.php\/wp-json\/wp\/v2\/types\/post"}],"author":[{"embeddable":true,"href":"https:\/\/ic.tecnopc.com.ar\/index.php\/wp-json\/wp\/v2\/users\/1"}],"replies":[{"embeddable":true,"href":"https:\/\/ic.tecnopc.com.ar\/index.php\/wp-json\/wp\/v2\/comments?post=78328"}],"version-history":[{"count":0,"href":"https:\/\/ic.tecnopc.com.ar\/index.php\/wp-json\/wp\/v2\/posts\/78328\/revisions"}],"wp:attachment":[{"href":"https:\/\/ic.tecnopc.com.ar\/index.php\/wp-json\/wp\/v2\/media?parent=78328"}],"wp:term":[{"taxonomy":"category","embeddable":true,"href":"https:\/\/ic.tecnopc.com.ar\/index.php\/wp-json\/wp\/v2\/categories?post=78328"},{"taxonomy":"post_tag","embeddable":true,"href":"https:\/\/ic.tecnopc.com.ar\/index.php\/wp-json\/wp\/v2\/tags?post=78328"}],"curies":[{"name":"wp","href":"https:\/\/api.w.org\/{rel}","templated":true}]}}