{"id":78338,"date":"2023-11-23T09:50:10","date_gmt":"2023-11-23T12:50:10","guid":{"rendered":"https:\/\/iulianocooreman.com.ar\/es\/?p=76304"},"modified":"2023-11-23T09:50:10","modified_gmt":"2023-11-23T12:50:10","slug":"para-dar-de-alta-empleados-alta-ya-2","status":"publish","type":"post","link":"https:\/\/ic.tecnopc.com.ar\/index.php\/2023\/11\/23\/para-dar-de-alta-empleados-alta-ya-2\/","title":{"rendered":"PARA DAR DE ALTA EMPLEADOS: \u201cALTA YA\u201d"},"content":{"rendered":"<p style=\"text-align: justify;\"><span style=\"font-weight: 400; font-family: helvetica; color: #3366ff;\">AFIP facilita con este nuevo servicio el registro de altas laborales, facilitando la formalizaci\u00f3n laboral en diversos sectores como la organizaci\u00f3n de eventos masivos, actividades rurales y de construcci\u00f3n.<\/span><!--more--><\/p>\n<p style=\"text-align: justify;\"><span style=\"font-weight: 400; font-family: helvetica;\">Esta nueva funcionalidad permite dar Altas Definitivas o Provisorias y coexistir\u00e1 con la modalidad de presentaci\u00f3n de las comunicaciones de altas, bajas y\/o modificaciones de datos de la actualidad.<\/span><\/p>\n<p style=\"text-align: justify;\"><span style=\"font-weight: 400; font-family: helvetica;\">Los empleadores tienen un plazo de cinco d\u00edas corridos, a partir del alta provisoria, para completar el proceso y obtener el alta definitiva a trav\u00e9s del &#8220;M\u00f3dulo Alta Definitiva&#8221; o mediante el sitio &#8220;web&#8221; de la AFIP con Clave Fiscal.\u00a0<\/span><\/p>\n<p style=\"text-align: justify;\"><span style=\"font-weight: 400; font-family: helvetica;\">Es importante destacar que el incumplimiento dentro de este plazo resultar\u00e1 en la anulaci\u00f3n autom\u00e1tica del tr\u00e1mite de alta provisoria.<\/span><\/p>\n","protected":false},"excerpt":{"rendered":"<p>AFIP facilita con este nuevo servicio el registro de altas laborales, facilitando la formalizaci\u00f3n laboral en diversos sectores como la organizaci\u00f3n de eventos masivos, actividades rurales y de construcci\u00f3n.<\/p>\n","protected":false},"author":1,"featured_media":0,"comment_status":"closed","ping_status":"open","sticky":false,"template":"","format":"standard","meta":{"footnotes":""},"categories":[3],"tags":[],"class_list":["post-78338","post","type-post","status-publish","format-standard","hentry","category-ultimas-noticias"],"_links":{"self":[{"href":"https:\/\/ic.tecnopc.com.ar\/index.php\/wp-json\/wp\/v2\/posts\/78338","targetHints":{"allow":["GET"]}}],"collection":[{"href":"https:\/\/ic.tecnopc.com.ar\/index.php\/wp-json\/wp\/v2\/posts"}],"about":[{"href":"https:\/\/ic.tecnopc.com.ar\/index.php\/wp-json\/wp\/v2\/types\/post"}],"author":[{"embeddable":true,"href":"https:\/\/ic.tecnopc.com.ar\/index.php\/wp-json\/wp\/v2\/users\/1"}],"replies":[{"embeddable":true,"href":"https:\/\/ic.tecnopc.com.ar\/index.php\/wp-json\/wp\/v2\/comments?post=78338"}],"version-history":[{"count":0,"href":"https:\/\/ic.tecnopc.com.ar\/index.php\/wp-json\/wp\/v2\/posts\/78338\/revisions"}],"wp:attachment":[{"href":"https:\/\/ic.tecnopc.com.ar\/index.php\/wp-json\/wp\/v2\/media?parent=78338"}],"wp:term":[{"taxonomy":"category","embeddable":true,"href":"https:\/\/ic.tecnopc.com.ar\/index.php\/wp-json\/wp\/v2\/categories?post=78338"},{"taxonomy":"post_tag","embeddable":true,"href":"https:\/\/ic.tecnopc.com.ar\/index.php\/wp-json\/wp\/v2\/tags?post=78338"}],"curies":[{"name":"wp","href":"https:\/\/api.w.org\/{rel}","templated":true}]}}