{"id":78355,"date":"2024-02-07T10:37:49","date_gmt":"2024-02-07T13:37:49","guid":{"rendered":"https:\/\/iulianocooreman.com.ar\/es\/?p=76386"},"modified":"2024-02-07T10:37:49","modified_gmt":"2024-02-07T13:37:49","slug":"importadores-importantes-novedades-2","status":"publish","type":"post","link":"https:\/\/ic.tecnopc.com.ar\/index.php\/2024\/02\/07\/importadores-importantes-novedades-2\/","title":{"rendered":"IMPORTADORES: IMPORTANTES NOVEDADES"},"content":{"rendered":"<ol>\n<li style=\"font-weight: 400; text-align: justify;\" aria-level=\"1\"><span style=\"font-weight: 400; font-family: helvetica; color: #3366ff;\">AFIP anunci\u00f3 la eliminaci\u00f3n de la restricci\u00f3n para el c\u00f3mputo de percepciones realizadas por la Aduana.\u00a0<\/span><\/li>\n<li style=\"font-weight: 400; text-align: justify;\" aria-level=\"1\"><span style=\"font-weight: 400; font-family: helvetica; color: #3366ff;\">El BOPREAL Serie 2 que originalmente no pod\u00eda negociarse en el mercado secundario, se autorizar\u00e1 al mismo a cotizar en bolsas y mercados de valores.<\/span><\/li>\n<\/ol>\n<p><!--more--><\/p>\n<p style=\"text-align: justify;\"><span style=\"font-weight: 400; font-family: helvetica;\">AFIP elimin\u00f3 la restricci\u00f3n para computar las percepciones de IVA que realizaba la Aduana. Las empresas\u00a0 al oficializar los despachos de importaci\u00f3n deb\u00edan esperar 9 meses. Ello cargaba al importador con el costo financiero del c\u00f3mputo.<\/span><\/p>\n<p style=\"text-align: justify;\"><span style=\"font-weight: 400; font-family: helvetica;\">Hasta el 30 de junio de 2024, Aduana seguir\u00e1 realizando las percepciones de IVA aun cuando el importador cuente con un certificado de no retenci\u00f3n, pero podr\u00e1 computarla en la declaraci\u00f3n jurada de IVA del mes siguiente a la percepci\u00f3n por parte de la DGA.<\/span><\/p>\n<p style=\"text-align: justify;\"><span style=\"font-weight: 400; font-family: helvetica;\">BOPREAL 2: Recordamos que este instrumento no paga intereses, sino que paga 12 cuotas iguales de amortizaci\u00f3n de capital comenzando en julio 2024, y finalizando en julio de 2025.<\/span><\/p>\n","protected":false},"excerpt":{"rendered":"<p>AFIP anunci\u00f3 la eliminaci\u00f3n de la restricci\u00f3n para el c\u00f3mputo de percepciones realizadas por la Aduana.\u00a0<br \/>\nEl BOPREAL Serie 2 que originalmente no pod\u00eda negociarse en el mercado secundario, se autorizar\u00e1 al mismo a cotizar en bolsas y mercados de valores.<\/p>\n","protected":false},"author":1,"featured_media":0,"comment_status":"closed","ping_status":"open","sticky":false,"template":"","format":"standard","meta":{"footnotes":""},"categories":[3],"tags":[],"class_list":["post-78355","post","type-post","status-publish","format-standard","hentry","category-ultimas-noticias"],"_links":{"self":[{"href":"https:\/\/ic.tecnopc.com.ar\/index.php\/wp-json\/wp\/v2\/posts\/78355","targetHints":{"allow":["GET"]}}],"collection":[{"href":"https:\/\/ic.tecnopc.com.ar\/index.php\/wp-json\/wp\/v2\/posts"}],"about":[{"href":"https:\/\/ic.tecnopc.com.ar\/index.php\/wp-json\/wp\/v2\/types\/post"}],"author":[{"embeddable":true,"href":"https:\/\/ic.tecnopc.com.ar\/index.php\/wp-json\/wp\/v2\/users\/1"}],"replies":[{"embeddable":true,"href":"https:\/\/ic.tecnopc.com.ar\/index.php\/wp-json\/wp\/v2\/comments?post=78355"}],"version-history":[{"count":0,"href":"https:\/\/ic.tecnopc.com.ar\/index.php\/wp-json\/wp\/v2\/posts\/78355\/revisions"}],"wp:attachment":[{"href":"https:\/\/ic.tecnopc.com.ar\/index.php\/wp-json\/wp\/v2\/media?parent=78355"}],"wp:term":[{"taxonomy":"category","embeddable":true,"href":"https:\/\/ic.tecnopc.com.ar\/index.php\/wp-json\/wp\/v2\/categories?post=78355"},{"taxonomy":"post_tag","embeddable":true,"href":"https:\/\/ic.tecnopc.com.ar\/index.php\/wp-json\/wp\/v2\/tags?post=78355"}],"curies":[{"name":"wp","href":"https:\/\/api.w.org\/{rel}","templated":true}]}}