{"id":78396,"date":"2024-10-23T10:23:41","date_gmt":"2024-10-23T13:23:41","guid":{"rendered":"https:\/\/iulianocooreman.com.ar\/es\/?p=76548"},"modified":"2024-10-23T10:23:41","modified_gmt":"2024-10-23T13:23:41","slug":"disolucion-de-afip-reaccion-esperable-2","status":"publish","type":"post","link":"https:\/\/ic.tecnopc.com.ar\/index.php\/2024\/10\/23\/disolucion-de-afip-reaccion-esperable-2\/","title":{"rendered":"DISOLUCI\u00d3N DE AFIP: REACCI\u00d3N ESPERABLE"},"content":{"rendered":"<p style=\"text-align: justify;\"><span style=\"font-weight: 400; font-family: helvetica; color: #3366ff;\">Luego de que el Gobierno anunciara la disoluci\u00f3n de la Administraci\u00f3n Federal de Ingresos P\u00fablicos (AFIP), los trabajadores del Ente realizaron una asamblea general en repudio a la decisi\u00f3n del Ejecutivo, decidiendo medidas de fuerza desde el mi\u00e9rcoles y un paro de 10 a 12 con apag\u00f3n inform\u00e1tico.<\/span><!--more--><\/p>\n<p style=\"text-align: justify;\"><span style=\"font-weight: 400; font-family: helvetica;\">Los sindicatos afirmaron que no tienen objeciones respecto a la reducci\u00f3n de los cargos pol\u00edticos, pero advirtieron que no permitir\u00e1n ninguna forma de afectaci\u00f3n de los haberes de los trabajadores.<\/span><\/p>\n<p style=\"text-align: justify;\"><span style=\"font-weight: 400; font-family: helvetica;\">Los contadores en tanto, estamos previendo una complicaci\u00f3n adicional a la ya compleja situaci\u00f3n que se genera con la cercan\u00eda de los vencimientos prorrogados y las dificultades en los sistemas por las \u00faltimas normas dictadas.<\/span><\/p>\n<p style=\"text-align: justify;\"><span style=\"font-weight: 400; font-family: helvetica;\">Estas medidas, como reacci\u00f3n al anuncio del Gobierno, se suman a los problemas ya existentes, como por ejemplo, a\u00fan no figuraban en la p\u00e1gina de AFIP la determinaci\u00f3n de anticipos de IIGG y l\u00f3gicamente las medidas de fuerza se sentir\u00e1n tanto en la parte impositiva DGI como en la Aduana y comercio exterior.<\/span><\/p>\n","protected":false},"excerpt":{"rendered":"<p>Luego de que el Gobierno anunciara la disoluci\u00f3n de la Administraci\u00f3n Federal de Ingresos P\u00fablicos (AFIP), los trabajadores del Ente realizaron una asamblea general en repudio a la decisi\u00f3n del Ejecutivo, decidiendo medidas de fuerza desde el mi\u00e9rcoles y un paro de 10 a 12 con apag\u00f3n inform\u00e1tico.<\/p>\n","protected":false},"author":1,"featured_media":0,"comment_status":"closed","ping_status":"open","sticky":false,"template":"","format":"standard","meta":{"footnotes":""},"categories":[3],"tags":[],"class_list":["post-78396","post","type-post","status-publish","format-standard","hentry","category-ultimas-noticias"],"_links":{"self":[{"href":"https:\/\/ic.tecnopc.com.ar\/index.php\/wp-json\/wp\/v2\/posts\/78396","targetHints":{"allow":["GET"]}}],"collection":[{"href":"https:\/\/ic.tecnopc.com.ar\/index.php\/wp-json\/wp\/v2\/posts"}],"about":[{"href":"https:\/\/ic.tecnopc.com.ar\/index.php\/wp-json\/wp\/v2\/types\/post"}],"author":[{"embeddable":true,"href":"https:\/\/ic.tecnopc.com.ar\/index.php\/wp-json\/wp\/v2\/users\/1"}],"replies":[{"embeddable":true,"href":"https:\/\/ic.tecnopc.com.ar\/index.php\/wp-json\/wp\/v2\/comments?post=78396"}],"version-history":[{"count":0,"href":"https:\/\/ic.tecnopc.com.ar\/index.php\/wp-json\/wp\/v2\/posts\/78396\/revisions"}],"wp:attachment":[{"href":"https:\/\/ic.tecnopc.com.ar\/index.php\/wp-json\/wp\/v2\/media?parent=78396"}],"wp:term":[{"taxonomy":"category","embeddable":true,"href":"https:\/\/ic.tecnopc.com.ar\/index.php\/wp-json\/wp\/v2\/categories?post=78396"},{"taxonomy":"post_tag","embeddable":true,"href":"https:\/\/ic.tecnopc.com.ar\/index.php\/wp-json\/wp\/v2\/tags?post=78396"}],"curies":[{"name":"wp","href":"https:\/\/api.w.org\/{rel}","templated":true}]}}