{"id":78438,"date":"2025-06-03T10:13:40","date_gmt":"2025-06-03T13:13:40","guid":{"rendered":"https:\/\/iulianocooreman.com.ar\/es\/?p=76698"},"modified":"2025-06-03T10:13:40","modified_gmt":"2025-06-03T13:13:40","slug":"nacio-el-iva-facil-2","status":"publish","type":"post","link":"https:\/\/ic.tecnopc.com.ar\/index.php\/2025\/06\/03\/nacio-el-iva-facil-2\/","title":{"rendered":"NACI\u00d3 EL \u201cIVA FACIL\u201d"},"content":{"rendered":"<p style=\"text-align: justify;\"><span style=\"font-weight: 400; font-family: helvetica; color: #3366ff;\">Es un nuevo esquema de liquidaci\u00f3n del IVA mensual, que ser\u00e1 obligatorio a partir de noviembre 2025, para todos los responsables inscriptos. ARCA centralizar\u00e1 todos los documentos en un solo formulario, incluyendo el IVA digital.\u00a0<\/span><!--more--><\/p>\n<p style=\"text-align: justify;\"><span style=\"font-weight: 400; font-family: helvetica;\">Este nuevo sistema, promete aliviar la carga manual de datos y reducir la posibilidad de errores o evasi\u00f3n en las Declaraciones Juradas.<\/span><\/p>\n<p style=\"text-align: justify;\"><span style=\"font-family: helvetica;\"><span style=\"font-weight: 400;\">Etapas<\/span><span style=\"font-weight: 400;\">:<\/span><\/span><\/p>\n<ol style=\"text-align: justify;\">\n<li style=\"list-style-type: none;\">\n<ol>\n<li style=\"font-weight: 400;\" aria-level=\"1\"><span style=\"font-weight: 400; font-family: helvetica;\">Junio 2025: El sistema estar\u00e1 disponible para todos los contribuyentes.<\/span><\/li>\n<li style=\"font-weight: 400;\" aria-level=\"1\"><span style=\"font-weight: 400; font-family: helvetica;\">Junio a octubre 2025: Periodo de uso opcional y transici\u00f3n voluntaria.<\/span><\/li>\n<li style=\"font-weight: 400;\" aria-level=\"1\"><b style=\"font-family: helvetica;\">Noviembre 2025: Uso obligatorio para todos los responsables inscriptos.<\/b><\/li>\n<\/ol>\n<\/li>\n<\/ol>\n<p style=\"text-align: justify;\"><span style=\"font-weight: 400; font-family: helvetica;\">Los contribuyentes exentos, continuar\u00e1n utilizando \u00fanicamente el Libro IVA digital, sin modificaciones en su r\u00e9gimen.<\/span><\/p>\n","protected":false},"excerpt":{"rendered":"<p>Es un nuevo esquema de liquidaci\u00f3n del IVA mensual, que ser\u00e1 obligatorio a partir de noviembre 2025, para todos los responsables inscriptos. ARCA centralizar\u00e1 todos los documentos en un solo formulario, incluyendo el IVA digital.\u00a0<\/p>\n","protected":false},"author":1,"featured_media":0,"comment_status":"closed","ping_status":"open","sticky":false,"template":"","format":"standard","meta":{"footnotes":""},"categories":[3],"tags":[],"class_list":["post-78438","post","type-post","status-publish","format-standard","hentry","category-ultimas-noticias"],"_links":{"self":[{"href":"https:\/\/ic.tecnopc.com.ar\/index.php\/wp-json\/wp\/v2\/posts\/78438","targetHints":{"allow":["GET"]}}],"collection":[{"href":"https:\/\/ic.tecnopc.com.ar\/index.php\/wp-json\/wp\/v2\/posts"}],"about":[{"href":"https:\/\/ic.tecnopc.com.ar\/index.php\/wp-json\/wp\/v2\/types\/post"}],"author":[{"embeddable":true,"href":"https:\/\/ic.tecnopc.com.ar\/index.php\/wp-json\/wp\/v2\/users\/1"}],"replies":[{"embeddable":true,"href":"https:\/\/ic.tecnopc.com.ar\/index.php\/wp-json\/wp\/v2\/comments?post=78438"}],"version-history":[{"count":0,"href":"https:\/\/ic.tecnopc.com.ar\/index.php\/wp-json\/wp\/v2\/posts\/78438\/revisions"}],"wp:attachment":[{"href":"https:\/\/ic.tecnopc.com.ar\/index.php\/wp-json\/wp\/v2\/media?parent=78438"}],"wp:term":[{"taxonomy":"category","embeddable":true,"href":"https:\/\/ic.tecnopc.com.ar\/index.php\/wp-json\/wp\/v2\/categories?post=78438"},{"taxonomy":"post_tag","embeddable":true,"href":"https:\/\/ic.tecnopc.com.ar\/index.php\/wp-json\/wp\/v2\/tags?post=78438"}],"curies":[{"name":"wp","href":"https:\/\/api.w.org\/{rel}","templated":true}]}}