{"id":78494,"date":"2026-02-25T10:22:43","date_gmt":"2026-02-25T13:22:43","guid":{"rendered":"https:\/\/iulianocooreman.com.ar\/es\/?p=76897"},"modified":"2026-02-25T10:22:43","modified_gmt":"2026-02-25T13:22:43","slug":"caba-elimino-la-certificacion-de-contador-en-la-documentacion-laboral-2","status":"publish","type":"post","link":"https:\/\/ic.tecnopc.com.ar\/index.php\/2026\/02\/25\/caba-elimino-la-certificacion-de-contador-en-la-documentacion-laboral-2\/","title":{"rendered":"CABA: ELIMIN\u00d3 LA CERTIFICACI\u00d3N DE CONTADOR EN LA DOCUMENTACI\u00d3N LABORAL"},"content":{"rendered":"<p style=\"text-align: justify;\"><span style=\"font-family: helvetica; color: #3366ff;\"><span style=\"font-weight: 400;\">A partir de la fecha, <\/span><span style=\"text-decoration: underline;\"><span style=\"font-weight: 400;\">no es necesaria la Certificaci\u00f3n de Contador P\u00fablico<\/span><\/span><span style=\"font-weight: 400;\"> para la R\u00fabrica de Documentaci\u00f3n Laboral en CABA<\/span><\/span><!--more--><\/p>\n<p style=\"text-align: justify;\"><span style=\"font-weight: 400; font-family: helvetica;\">Los empleadores que gestionan la r\u00fabrica digital, no tendr\u00e1n como requisito\u00a0 la certificaci\u00f3n por contador p\u00fablico de la documentaci\u00f3n exigida por el art\u00edculo 52 de la Ley de Contrato de Trabajo.\u00a0<\/span><\/p>\n<p style=\"text-align: justify;\"><span style=\"font-weight: 400; font-family: helvetica;\">La misma se realizaba cada 6 meses y deb\u00eda legalizarse ante el Consejo Profesional de CABA.<\/span><\/p>\n","protected":false},"excerpt":{"rendered":"<p>A partir de la fecha, no es necesaria la Certificaci\u00f3n de Contador P\u00fablico para la R\u00fabrica de Documentaci\u00f3n Laboral en CABA<\/p>\n","protected":false},"author":1,"featured_media":0,"comment_status":"closed","ping_status":"open","sticky":false,"template":"","format":"standard","meta":{"footnotes":""},"categories":[3],"tags":[],"class_list":["post-78494","post","type-post","status-publish","format-standard","hentry","category-ultimas-noticias"],"_links":{"self":[{"href":"https:\/\/ic.tecnopc.com.ar\/index.php\/wp-json\/wp\/v2\/posts\/78494","targetHints":{"allow":["GET"]}}],"collection":[{"href":"https:\/\/ic.tecnopc.com.ar\/index.php\/wp-json\/wp\/v2\/posts"}],"about":[{"href":"https:\/\/ic.tecnopc.com.ar\/index.php\/wp-json\/wp\/v2\/types\/post"}],"author":[{"embeddable":true,"href":"https:\/\/ic.tecnopc.com.ar\/index.php\/wp-json\/wp\/v2\/users\/1"}],"replies":[{"embeddable":true,"href":"https:\/\/ic.tecnopc.com.ar\/index.php\/wp-json\/wp\/v2\/comments?post=78494"}],"version-history":[{"count":0,"href":"https:\/\/ic.tecnopc.com.ar\/index.php\/wp-json\/wp\/v2\/posts\/78494\/revisions"}],"wp:attachment":[{"href":"https:\/\/ic.tecnopc.com.ar\/index.php\/wp-json\/wp\/v2\/media?parent=78494"}],"wp:term":[{"taxonomy":"category","embeddable":true,"href":"https:\/\/ic.tecnopc.com.ar\/index.php\/wp-json\/wp\/v2\/categories?post=78494"},{"taxonomy":"post_tag","embeddable":true,"href":"https:\/\/ic.tecnopc.com.ar\/index.php\/wp-json\/wp\/v2\/tags?post=78494"}],"curies":[{"name":"wp","href":"https:\/\/api.w.org\/{rel}","templated":true}]}}